{"id":2033,"date":"2017-07-12T17:25:54","date_gmt":"2017-07-12T15:25:54","guid":{"rendered":"http:\/\/lacastacuina.cat\/ca\/?p=2033"},"modified":"2017-07-12T17:30:15","modified_gmt":"2017-07-12T15:30:15","slug":"pa-de-pessic-de-llorer-i-taronja","status":"publish","type":"post","link":"https:\/\/lacastacuina.cat\/ca\/2017\/07\/12\/pa-de-pessic-de-llorer-i-taronja\/","title":{"rendered":"pa de pessic de llorer i taronja"},"content":{"rendered":"<p>Subtil&#8230; El pa de pessic de llorer i taronja \u00e9s el pa de pessic que has de fer si et vols fer la interessant&#8230; Senzill, per\u00f2 amb sabors moderns&#8230; Jo l&#8217;acompanyaria amb una crema anglesa tamb\u00e9 de llorer i un bon te verd. Per mi l&#8217;ocasi\u00f3 ideal seria una reuni\u00f3 amb les mares i pares de l&#8217;escola, on vols quedar b\u00e9 per\u00f2 no exagerada, ja saps, aquelles situacions que semblen amigables per\u00f2 que en realitat amaguen un concurs de a veure qui pixa m\u00e9s lluny. Portar un pa de pessic \u00e9s de persona eficient, que en un moment el fa perqu\u00e8 ja t\u00e9 recollida la casa i fets els tupers (quan en realitat vas per casa amb la mascareta capilar, en sostens i cridant als teus fills mentre fas una truita francesa perqu\u00e8 no tens res m\u00e9s a la nevera). S\u00ed, la idea a transmetre \u00e9s estic en control, tinc temps per tot i s\u00f3c s\u00faper organitzada&#8230; Tot aix\u00f2 \u00e9s el que diu aquest pa de pessic.<\/p>\n<p><a href=\"https:\/\/lacastacuina.cat\/wp-content\/uploads\/2017\/07\/IMG_20170705_201312.jpg\"><img loading=\"lazy\" decoding=\"async\" class=\"responsive alignnone wp-image-2052 size-large\" src=\"https:\/\/lacastacuina.cat\/wp-content\/uploads\/2017\/07\/IMG_20170705_201312-1024x768.jpg\" alt=\"\" width=\"625\" height=\"469\" srcset=\"https:\/\/lacastacuina.cat\/wp-content\/uploads\/2017\/07\/IMG_20170705_201312-1024x768.jpg 1024w, https:\/\/lacastacuina.cat\/wp-content\/uploads\/2017\/07\/IMG_20170705_201312-300x225.jpg 300w, https:\/\/lacastacuina.cat\/wp-content\/uploads\/2017\/07\/IMG_20170705_201312-250x188.jpg 250w, https:\/\/lacastacuina.cat\/wp-content\/uploads\/2017\/07\/IMG_20170705_201312-510x383.jpg 510w\" sizes=\"(max-width: 625px) 100vw, 625px\" \/><\/a><\/p>\n<p>INGREDIENTS<\/p>\n<ul>\n<li>3 ous<\/li>\n<li>180 gr de sucre<\/li>\n<li>160 ml de llet + 4 fulles de llorer<\/li>\n<li>160 ml d&#8217;oli de girasol<\/li>\n<li>250 gr de farina<\/li>\n<li>2,5 tsp de llevat qu\u00edmic<\/li>\n<li>ratlladura de mitja taronja<\/li>\n<\/ul>\n<p>En una cassola posem la llet amb les quatre fulles de llorer, ho portem al punt d&#8217;ebullici\u00f3, apaguem el foc i ho deixem infusionar fins que es refredi. Comencem batent els ous una bona estona els ous fins que tripliquin el seu volum. Afegim el sucre i seguim batent. Ara posem l&#8217;oli en fil i seguim amb la batedora. Hi posem la ratlladura de taronja i finalment la llet aromatitzada. Incorporem la farina i el llevat passats pel sed\u00e0s amb una esp\u00e0tula procurant no baixar el volum que hem aconseguit fins ara. Jo he fet servir un motlle de 20 cm i l&#8217;he tingut al forn a 180\u00baC durant 45 minuts.<\/p>\n<p><a href=\"https:\/\/lacastacuina.cat\/wp-content\/uploads\/2017\/07\/IMG_20170705_201306.jpg\"><img loading=\"lazy\" decoding=\"async\" class=\"responsive alignnone wp-image-2051 size-large\" src=\"https:\/\/lacastacuina.cat\/wp-content\/uploads\/2017\/07\/IMG_20170705_201306-1024x768.jpg\" alt=\"\" width=\"625\" height=\"469\" srcset=\"https:\/\/lacastacuina.cat\/wp-content\/uploads\/2017\/07\/IMG_20170705_201306-1024x768.jpg 1024w, https:\/\/lacastacuina.cat\/wp-content\/uploads\/2017\/07\/IMG_20170705_201306-300x225.jpg 300w, https:\/\/lacastacuina.cat\/wp-content\/uploads\/2017\/07\/IMG_20170705_201306-250x188.jpg 250w, https:\/\/lacastacuina.cat\/wp-content\/uploads\/2017\/07\/IMG_20170705_201306-510x383.jpg 510w\" sizes=\"(max-width: 625px) 100vw, 625px\" \/><\/a><\/p>\n","protected":false},"excerpt":{"rendered":"<p>Subtil&#8230; El pa de pessic de llorer i taronja \u00e9s el pa de pessic que has de fer si et vols fer la interessant&#8230; Senzill, per\u00f2 amb sabors moderns&#8230; Jo l&#8217;acompanyaria amb una crema anglesa tamb\u00e9 de llorer i un bon te verd. Per mi l&#8217;ocasi\u00f3 ideal seria una reuni\u00f3 amb les mares i pares [&hellip;]<\/p>\n","protected":false},"author":1,"featured_media":2052,"comment_status":"closed","ping_status":"closed","sticky":false,"template":"","format":"standard","meta":{"_ca_post_content":"Subtil... El pa de pessic de llorer i taronja \u00e9s el pa de pessic que has de fer si et vols fer la interessant... Senzill, per\u00f2 amb sabors moderns... Jo l'acompanyaria amb una crema anglesa tamb\u00e9 de llorer i un bon te verd. Per mi l'ocasi\u00f3 ideal seria una reuni\u00f3 amb les mares i pares de l'escola, on vols quedar b\u00e9 per\u00f2 no exagerada, ja saps, aquelles situacions que semblen amigables per\u00f2 que en realitat amaguen un concurs de a veure qui pixa m\u00e9s lluny. Portar un pa de pessic \u00e9s de persona eficient, que en un moment el fa perqu\u00e8 ja t\u00e9 recollida la casa i fets els tupers (quan en realitat vas per casa amb la mascareta capilar, en sostens i cridant als teus fills mentre fas una truita francesa perqu\u00e8 no tens res m\u00e9s a la nevera). S\u00ed, la idea a transmetre \u00e9s estic en control, tinc temps per tot i s\u00f3c s\u00faper organitzada... Tot aix\u00f2 \u00e9s el que diu aquest pa de pessic.\r\n\r\n<a href=\"https:\/\/lacastacuina.cat\/wp-content\/uploads\/2017\/07\/IMG_20170705_201312.jpg\"><img class=\"responsive alignnone wp-image-2052 size-large\" src=\"https:\/\/lacastacuina.cat\/wp-content\/uploads\/2017\/07\/IMG_20170705_201312-1024x768.jpg\" alt=\"\" width=\"625\" height=\"469\" \/><\/a>\r\n\r\nINGREDIENTS\r\n<ul>\r\n\t<li>3 ous<\/li>\r\n\t<li>180 gr de sucre<\/li>\r\n\t<li>160 ml de llet + 4 fulles de llorer<\/li>\r\n\t<li>160 ml d'oli de girasol<\/li>\r\n\t<li>250 gr de farina<\/li>\r\n\t<li>2,5 tsp de llevat qu\u00edmic<\/li>\r\n\t<li>ratlladura de mitja taronja<\/li>\r\n<\/ul>\r\nEn una cassola posem la llet amb les quatre fulles de llorer, ho portem al punt d'ebullici\u00f3, apaguem el foc i ho deixem infusionar fins que es refredi. Comencem batent els ous una bona estona els ous fins que tripliquin el seu volum. Afegim el sucre i seguim batent. Ara posem l'oli en fil i seguim amb la batedora. Hi posem la ratlladura de taronja i finalment la llet aromatitzada. Incorporem la farina i el llevat passats pel sed\u00e0s amb una esp\u00e0tula procurant no baixar el volum que hem aconseguit fins ara. Jo he fet servir un motlle de 20 cm i l'he tingut al forn a 180\u00baC durant 45 minuts.\r\n\r\n<a href=\"https:\/\/lacastacuina.cat\/wp-content\/uploads\/2017\/07\/IMG_20170705_201306.jpg\"><img class=\"responsive alignnone wp-image-2051 size-large\" src=\"https:\/\/lacastacuina.cat\/wp-content\/uploads\/2017\/07\/IMG_20170705_201306-1024x768.jpg\" alt=\"\" width=\"625\" height=\"469\" \/><\/a>","_ca_post_name":"pa-de-pessic-de-llorer-i-taronja","_ca_post_excerpt":"","_ca_post_title":"pa de pessic de llorer i taronja","_es_post_content":"Sutil... El bizcocho de laurel y naranja es el bizcocho que tienes que hacer si te quieres hacer la interesante... Sencillo, pero con sabores modernos... Yo lo acompa\u00f1ar\u00eda con una crema inglesa tambi\u00e9n de laurel y un buen te verde. Para mi la ocasi\u00f3n ideal ser\u00eda una reuni\u00f3n de padres y madres del colegio, donde quieres quedar bien pero no exagerada, ya sabes, esas situaciones que parecen amigables pero que en realidad esconden un concurso de meadas. Llevar un bizcocho es de persona eficiente, que en un momentito lo hace porqu\u00e9 ya tiene la casa recogida y los tupers hechos (cuando en realidad vas por casa con la mascarilla del pelo, en sujetador y gritando a tus hijos mientras haces una tortilla francesa porqu\u00e9 no tienes nada m\u00e1s en la nevera). S\u00ed, la idea que queremos transmitir es que estamos en control, tengo tiempo para todo y soy s\u00faper organizada... Todo esto lo dice este bizcocho.\r\n\r\n<a href=\"https:\/\/lacastacuina.cat\/wp-content\/uploads\/2017\/07\/IMG_20170705_201312.jpg\"><img class=\"responsive alignnone wp-image-2052 size-large\" src=\"https:\/\/lacastacuina.cat\/wp-content\/uploads\/2017\/07\/IMG_20170705_201312-1024x768.jpg\" alt=\"\" width=\"625\" height=\"469\" \/><\/a>\r\n\r\n&nbsp;\r\n\r\nINGREDIENTES\r\n<ul>\r\n\t<li>3 huevos<\/li>\r\n\t<li>180 gr de az\u00facar<\/li>\r\n\t<li>160 ml de leche + 4 hojas de laurel<\/li>\r\n\t<li>160 ml de aceite de girasol<\/li>\r\n\t<li>250 gr de harina<\/li>\r\n\t<li>2,5 tsp de levadura qu\u00edmica<\/li>\r\n\t<li>ralladura de media naranja<\/li>\r\n<\/ul>\r\nEn un cazo ponemos la leche con cuatro hojas de laurel, lo llevamos a punto de ebullici\u00f3n, apagamos el fuego y lo dejamos infusionar hasta que enfr\u00ede. Empezamos batiendo los huevos unos buenos cinco minutos hasta que tripliquen su volumen. A\u00f1adimos el az\u00facar i seguimos batiendo. Ponemos el aceite en un hilito y sin dejar de batir, la ralladura de naranja y la leche aromatizada. Tamizamos la harina y la levadura y con una esp\u00e1tula la incorporamos a la masa procurando que no se baje el volumen que hemos conseguido. Yo lo he horneado en un molde de 20 cm y lo he tenido unos 45 minutos en el horno a 180\u00baC\r\n\r\n<a href=\"https:\/\/lacastacuina.cat\/wp-content\/uploads\/2017\/07\/IMG_20170705_201306.jpg\"><img class=\"responsive alignnone wp-image-2051 size-large\" src=\"https:\/\/lacastacuina.cat\/wp-content\/uploads\/2017\/07\/IMG_20170705_201306-1024x768.jpg\" alt=\"\" width=\"625\" height=\"469\" \/><\/a>\r\n\r\n&nbsp;","_es_post_name":"bizcocho-de-laurel-y-naranja","_es_post_excerpt":"","_es_post_title":"bizcocho de laurel y naranja","edit_language":"ca","footnotes":""},"categories":[1],"tags":[],"_links":{"self":[{"href":"https:\/\/lacastacuina.cat\/ca\/wp-json\/wp\/v2\/posts\/2033"}],"collection":[{"href":"https:\/\/lacastacuina.cat\/ca\/wp-json\/wp\/v2\/posts"}],"about":[{"href":"https:\/\/lacastacuina.cat\/ca\/wp-json\/wp\/v2\/types\/post"}],"author":[{"embeddable":true,"href":"https:\/\/lacastacuina.cat\/ca\/wp-json\/wp\/v2\/users\/1"}],"replies":[{"embeddable":true,"href":"https:\/\/lacastacuina.cat\/ca\/wp-json\/wp\/v2\/comments?post=2033"}],"version-history":[{"count":11,"href":"https:\/\/lacastacuina.cat\/ca\/wp-json\/wp\/v2\/posts\/2033\/revisions"}],"predecessor-version":[{"id":2136,"href":"https:\/\/lacastacuina.cat\/ca\/wp-json\/wp\/v2\/posts\/2033\/revisions\/2136"}],"wp:featuredmedia":[{"embeddable":true,"href":"https:\/\/lacastacuina.cat\/ca\/wp-json\/wp\/v2\/media\/2052"}],"wp:attachment":[{"href":"https:\/\/lacastacuina.cat\/ca\/wp-json\/wp\/v2\/media?parent=2033"}],"wp:term":[{"taxonomy":"category","embeddable":true,"href":"https:\/\/lacastacuina.cat\/ca\/wp-json\/wp\/v2\/categories?post=2033"},{"taxonomy":"post_tag","embeddable":true,"href":"https:\/\/lacastacuina.cat\/ca\/wp-json\/wp\/v2\/tags?post=2033"}],"curies":[{"name":"wp","href":"https:\/\/api.w.org\/{rel}","templated":true}]}}