{"id":1490,"date":"2017-06-09T19:59:35","date_gmt":"2017-06-09T17:59:35","guid":{"rendered":"http:\/\/lacastacuina.cat\/?p=1490"},"modified":"2017-06-07T20:10:15","modified_gmt":"2017-06-07T18:10:15","slug":"magdalenes-de-segol-i-pressecs","status":"publish","type":"post","link":"https:\/\/lacastacuina.cat\/ca\/2017\/06\/09\/magdalenes-de-segol-i-pressecs\/","title":{"rendered":"magdalenes de s\u00e8gol i pr\u00e9ssecs"},"content":{"rendered":"<p>Sanes! O\u00e9! Sense colesterol! O\u00e9! Nivell P3! O\u00e9! I boooones!!!! Aquesta recepta la dedico al meu company Juanma, l&#8217;home m\u00e9s complicat que he conegut mai per menjar, que amb qualsevol cosa arrufa el nas i que quan li vaig dir que portaven s\u00e8gol no les volia ni tastar&#8230; Vaja, de fet va associar el s\u00e8gol amb anar al bany&#8230; S\u00ed, predico en el desert!!! Per\u00f2 al final no es va poder resistir i va dir que estaven bones!!! Sabeu l&#8217;\u00e8xit que aix\u00f2 suposa? Estic orgullosa de la meva recepta, que no deixa de ser una variant de la recepta 1,2,3 de tota la vida per\u00f2 en aquest cas en format magdalenes de s\u00e8gol i pr\u00e9ssecs. Animeu-vos i inventeu la vostra recepta.<\/p>\n<p><a href=\"https:\/\/lacastacuina.cat\/wp-content\/uploads\/2017\/04\/20170404_194315.jpg\"><img loading=\"lazy\" decoding=\"async\" class=\"responsive alignnone wp-image-1843 size-large\" src=\"https:\/\/lacastacuina.cat\/wp-content\/uploads\/2017\/04\/20170404_194315-1024x684.jpg\" alt=\"\" width=\"625\" height=\"417\" srcset=\"https:\/\/lacastacuina.cat\/wp-content\/uploads\/2017\/04\/20170404_194315.jpg 1024w, https:\/\/lacastacuina.cat\/wp-content\/uploads\/2017\/04\/20170404_194315-300x200.jpg 300w, https:\/\/lacastacuina.cat\/wp-content\/uploads\/2017\/04\/20170404_194315-250x167.jpg 250w, https:\/\/lacastacuina.cat\/wp-content\/uploads\/2017\/04\/20170404_194315-510x341.jpg 510w\" sizes=\"(max-width: 625px) 100vw, 625px\" \/><\/a><\/p>\n<p>&nbsp;<\/p>\n<p>INGREDIENTS<\/p>\n<ul>\n<li>1 iogurt de pr\u00e9ssec<\/li>\n<li>1 llauna petita de pr\u00e9ssecs en alm\u00edvar<\/li>\n<li>1 mesura de iogurt de farina<\/li>\n<li>1 mesura de iogurt de farina integral<\/li>\n<li>1 mesura de iogurt de farina de s\u00e8gol<\/li>\n<li>2 mesures de sucre mor\u00e8<\/li>\n<li>1 mesura de iogurt d&#8217;oli de gira-sol<\/li>\n<li>3 ous<\/li>\n<li>un grapat de nous<\/li>\n<\/ul>\n<p>Batem els ous amb el sucre fins que doblin el seu volum. Afegim l&#8217;oli. Incorporem les farines, el iogurt, els pr\u00e9ssecs tallats en daus i les nous. Al forn 20 minuts a 180\u00baC<\/p>\n","protected":false},"excerpt":{"rendered":"<p>Sanes! O\u00e9! Sense colesterol! O\u00e9! Nivell P3! O\u00e9! I boooones!!!! Aquesta recepta la dedico al meu company Juanma, l&#8217;home m\u00e9s complicat que he conegut mai per menjar, que amb qualsevol cosa arrufa el nas i que quan li vaig dir que portaven s\u00e8gol no les volia ni tastar&#8230; Vaja, de fet va associar el s\u00e8gol [&hellip;]<\/p>\n","protected":false},"author":1,"featured_media":1843,"comment_status":"closed","ping_status":"closed","sticky":false,"template":"","format":"standard","meta":{"_ca_post_content":"Sanes! O\u00e9! Sense colesterol! O\u00e9! Nivell P3! O\u00e9! I boooones!!!! Aquesta recepta la dedico al meu company Juanma, l'home m\u00e9s complicat que he conegut mai per menjar, que amb qualsevol cosa arrufa el nas i que quan li vaig dir que portaven s\u00e8gol no les volia ni tastar... Vaja, de fet va associar el s\u00e8gol amb anar al bany... S\u00ed, predico en el desert!!! Per\u00f2 al final no es va poder resistir i va dir que estaven bones!!! Sabeu l'\u00e8xit que aix\u00f2 suposa? Estic orgullosa de la meva recepta, que no deixa de ser una variant de la recepta 1,2,3 de tota la vida per\u00f2 en aquest cas en format magdalenes de s\u00e8gol i pr\u00e9ssecs. Animeu-vos i inventeu la vostra recepta.\r\n\r\n<a href=\"https:\/\/lacastacuina.cat\/wp-content\/uploads\/2017\/04\/20170404_194315.jpg\"><img class=\"responsive alignnone wp-image-1843 size-large\" src=\"https:\/\/lacastacuina.cat\/wp-content\/uploads\/2017\/04\/20170404_194315-1024x684.jpg\" alt=\"\" width=\"625\" height=\"417\" \/><\/a>\r\n\r\n&nbsp;\r\n\r\nINGREDIENTS\r\n<ul>\r\n\t<li>1 iogurt de pr\u00e9ssec<\/li>\r\n\t<li>1 llauna petita de pr\u00e9ssecs en alm\u00edvar<\/li>\r\n\t<li>1 mesura de iogurt de farina<\/li>\r\n\t<li>1 mesura de iogurt de farina integral<\/li>\r\n\t<li>1 mesura de iogurt de farina de s\u00e8gol<\/li>\r\n\t<li>2 mesures de sucre mor\u00e8<\/li>\r\n\t<li>1 mesura de iogurt d'oli de gira-sol<\/li>\r\n\t<li>3 ous<\/li>\r\n\t<li>un grapat de nous<\/li>\r\n<\/ul>\r\nBatem els ous amb el sucre fins que doblin el seu volum. Afegim l'oli. Incorporem les farines, el iogurt, els pr\u00e9ssecs tallats en daus i les nous. Al forn 20 minuts a 180\u00baC","_ca_post_name":"magdalenes-de-segol-i-pressecs","_ca_post_excerpt":"","_ca_post_title":"magdalenes de s\u00e8gol i pr\u00e9ssecs","_es_post_content":"Sanas! o\u00e9! Sin colesterol! o\u00e9! Nivel P3! o\u00e9! Y buen\u00edsimas!!! Esta receta la dedico a mi compa\u00f1ero Juanma, el hombre m\u00e1s complicado que he conocido nunca para comer, que con cualquier cosa pone caras y cuando le dije que llevaban centeno no las quer\u00eda ni probar... Vaya, para ser sinceros asoci\u00f3 el centeno con ir al ba\u00f1o... S\u00ed! Predico en el desierto!!! Pero al final no se pudo resistir i dijo que estaban buenas!!! Sab\u00e9is el \u00e9xito que esto supone? Estoy orgullosa de mi receta, que no deja de ser una variante de la receta 1,2,3 de toda la vida pero en este caso en formato muffins de centeno y melocotones. Animaros e inventad vuestra receta.\r\n\r\n<a href=\"https:\/\/lacastacuina.cat\/wp-content\/uploads\/2017\/04\/20170404_194315.jpg\"><img class=\"responsive alignnone wp-image-1843 size-large\" src=\"https:\/\/lacastacuina.cat\/wp-content\/uploads\/2017\/04\/20170404_194315-1024x684.jpg\" alt=\"\" width=\"625\" height=\"417\" \/><\/a>\r\n\r\nINGREDIENTS\r\n<ul>\r\n\t<li>1 yogurt de melocot\u00f3n<\/li>\r\n\t<li>1 lata peque\u00f1a de melocotones en alm\u00edbar<\/li>\r\n\t<li>1 medida de yogurt de harina<\/li>\r\n\t<li>1 medida de yogurt de harina integral<\/li>\r\n\t<li>1 medida de yogurt de harina de centeno<\/li>\r\n\t<li>2 medidas de az\u00facar moreno<\/li>\r\n\t<li>1 medida de yogurt de aceite de girasol<\/li>\r\n\t<li>3 huevos<\/li>\r\n\t<li>un pu\u00f1ado de nueces<\/li>\r\n<\/ul>\r\nBatimos los huevos con el az\u00facar hasta que dupliquen su volumen. A\u00f1adimos el aceite. Incorporamos las harinas, el yogurt, el melocot\u00f3n cortado en dados y las nueces. Los ponemos al horno 20 minutos a 180\u00baC\r\n\r\n&nbsp;","_es_post_name":"muffins-de-centeno-y-melocotones","_es_post_excerpt":"","_es_post_title":"muffins de centeno y melocotones","edit_language":"ca","footnotes":""},"categories":[1],"tags":[],"_links":{"self":[{"href":"https:\/\/lacastacuina.cat\/ca\/wp-json\/wp\/v2\/posts\/1490"}],"collection":[{"href":"https:\/\/lacastacuina.cat\/ca\/wp-json\/wp\/v2\/posts"}],"about":[{"href":"https:\/\/lacastacuina.cat\/ca\/wp-json\/wp\/v2\/types\/post"}],"author":[{"embeddable":true,"href":"https:\/\/lacastacuina.cat\/ca\/wp-json\/wp\/v2\/users\/1"}],"replies":[{"embeddable":true,"href":"https:\/\/lacastacuina.cat\/ca\/wp-json\/wp\/v2\/comments?post=1490"}],"version-history":[{"count":11,"href":"https:\/\/lacastacuina.cat\/ca\/wp-json\/wp\/v2\/posts\/1490\/revisions"}],"predecessor-version":[{"id":1945,"href":"https:\/\/lacastacuina.cat\/ca\/wp-json\/wp\/v2\/posts\/1490\/revisions\/1945"}],"wp:featuredmedia":[{"embeddable":true,"href":"https:\/\/lacastacuina.cat\/ca\/wp-json\/wp\/v2\/media\/1843"}],"wp:attachment":[{"href":"https:\/\/lacastacuina.cat\/ca\/wp-json\/wp\/v2\/media?parent=1490"}],"wp:term":[{"taxonomy":"category","embeddable":true,"href":"https:\/\/lacastacuina.cat\/ca\/wp-json\/wp\/v2\/categories?post=1490"},{"taxonomy":"post_tag","embeddable":true,"href":"https:\/\/lacastacuina.cat\/ca\/wp-json\/wp\/v2\/tags?post=1490"}],"curies":[{"name":"wp","href":"https:\/\/api.w.org\/{rel}","templated":true}]}}