{"id":1257,"date":"2016-05-30T20:51:12","date_gmt":"2016-05-30T18:51:12","guid":{"rendered":"http:\/\/lacastacuina.cat\/?p=1257"},"modified":"2016-06-06T20:52:23","modified_gmt":"2016-06-06T18:52:23","slug":"granola-casolana","status":"publish","type":"post","link":"https:\/\/lacastacuina.cat\/ca\/2016\/05\/30\/granola-casolana\/","title":{"rendered":"granola casolana"},"content":{"rendered":"<p>Un dels grans dubtes quan reservem les vacances \u00e9s si agafem l&#8217;hotel amb desdejuni incl\u00f2s o no&#8230; L&#8217;angelet bo ens diu que ens posem com a garrins i que no cal, que ens coneixem, que no tenim fi en els bufets lliures&#8230; L&#8217;angelet dolent ens diu que treballem tot l&#8217;any, que ens ho mereixem, que si mengem molt ens estalviem el dinar&#8230; Passeu de l&#8217;angelet bo!!! Si hi ha una cosa que em fa feli\u00e7 s\u00f3n els desdejunis tipus bacanal i malgrat que menjo de tot mai falla un bol de granola&#8230; Oh! Adoro la granola!!! I ara tinc una recepta que em torna boja i no cal que vagi escopint les panses&#8230;<\/p>\n<p><a href=\"https:\/\/lacastacuina.cat\/wp-content\/uploads\/2016\/06\/granola-casolana-1.jpg\"><img loading=\"lazy\" decoding=\"async\" class=\"responsive alignnone wp-image-1263 size-large\" src=\"https:\/\/lacastacuina.cat\/wp-content\/uploads\/2016\/06\/granola-casolana-1-1024x684.jpg\" alt=\"\" width=\"625\" height=\"417\" srcset=\"https:\/\/lacastacuina.cat\/wp-content\/uploads\/2016\/06\/granola-casolana-1-1024x684.jpg 1024w, https:\/\/lacastacuina.cat\/wp-content\/uploads\/2016\/06\/granola-casolana-1-300x200.jpg 300w, https:\/\/lacastacuina.cat\/wp-content\/uploads\/2016\/06\/granola-casolana-1-250x167.jpg 250w, https:\/\/lacastacuina.cat\/wp-content\/uploads\/2016\/06\/granola-casolana-1-510x340.jpg 510w\" sizes=\"(max-width: 625px) 100vw, 625px\" \/><\/a><\/p>\n<p>INGREDIENTS<\/p>\n<ul>\n<li>200 gr de civada gruixuda<\/li>\n<li>100 gr d&#8217;ametlla crua amb pell<\/li>\n<li>40 gr de c\u00f2ctel de fruits secs crus<\/li>\n<li>20 gr de coco<\/li>\n<li>60 ml de mel, xarop d&#8217;aur\u00f3 o xarop d&#8217;atzavara<\/li>\n<li>45 ml d&#8217;oli de girasol<\/li>\n<li>2 tbsp de sucre mor\u00e8<\/li>\n<li>30 ml d&#8217;aigua<\/li>\n<li>1\/4 tsp de canyella<\/li>\n<li>1\/2 de vainilla en pasta<\/li>\n<\/ul>\n<p>En un bol posem els ingredients secs la civada, el coco, el sucre mor\u00e8, la canyella i els fruits secs picats en trossos no massa petits. En un bol posarem els l\u00edquids. Jo he fet una combinaci\u00f3 de la mel i els xarops posant-me m\u00e9s d&#8217;atzavara, l&#8217;aigua, la vainilla i l&#8217;oli. Ho lliguem una mica. Barregem els secs amb els humits i ho posem en una safata folrada de paper. Al forn a 160\u00baC uns 30-35 minuts, fins que estigui dauradet&#8230; Ho deixem refredar i despr\u00e9s ho esmicolem.<\/p>\n","protected":false},"excerpt":{"rendered":"<p>Un dels grans dubtes quan reservem les vacances \u00e9s si agafem l&#8217;hotel amb desdejuni incl\u00f2s o no&#8230; L&#8217;angelet bo ens diu que ens posem com a garrins i que no cal, que ens coneixem, que no tenim fi en els bufets lliures&#8230; L&#8217;angelet dolent ens diu que treballem tot l&#8217;any, que ens ho mereixem, que [&hellip;]<\/p>\n","protected":false},"author":1,"featured_media":1263,"comment_status":"closed","ping_status":"closed","sticky":false,"template":"","format":"standard","meta":{"_ca_post_content":"Un dels grans dubtes quan reservem les vacances \u00e9s si agafem l'hotel amb desdejuni incl\u00f2s o no... L'angelet bo ens diu que ens posem com a garrins i que no cal, que ens coneixem, que no tenim fi en els bufets lliures... L'angelet dolent ens diu que treballem tot l'any, que ens ho mereixem, que si mengem molt ens estalviem el dinar... Passeu de l'angelet bo!!! Si hi ha una cosa que em fa feli\u00e7 s\u00f3n els desdejunis tipus bacanal i malgrat que menjo de tot mai falla un bol de granola... Oh! Adoro la granola!!! I ara tinc una recepta que em torna boja i no cal que vagi escopint les panses...\r\n\r\n<a href=\"https:\/\/lacastacuina.cat\/wp-content\/uploads\/2016\/06\/granola-casolana-1.jpg\"><img class=\"responsive alignnone wp-image-1263 size-large\" src=\"https:\/\/lacastacuina.cat\/wp-content\/uploads\/2016\/06\/granola-casolana-1-1024x684.jpg\" alt=\"\" width=\"625\" height=\"417\" \/><\/a>\r\n\r\nINGREDIENTS\r\n<ul>\r\n\t<li>200 gr de civada gruixuda<\/li>\r\n\t<li>100 gr d'ametlla crua amb pell<\/li>\r\n\t<li>40 gr de c\u00f2ctel de fruits secs crus<\/li>\r\n\t<li>20 gr de coco<\/li>\r\n\t<li>60 ml de mel, xarop d'aur\u00f3 o xarop d'atzavara<\/li>\r\n\t<li>45 ml d'oli de girasol<\/li>\r\n\t<li>2 tbsp de sucre mor\u00e8<\/li>\r\n\t<li>30 ml d'aigua<\/li>\r\n\t<li>1\/4 tsp de canyella<\/li>\r\n\t<li>1\/2 de vainilla en pasta<\/li>\r\n<\/ul>\r\nEn un bol posem els ingredients secs la civada, el coco, el sucre mor\u00e8, la canyella i els fruits secs picats en trossos no massa petits. En un bol posarem els l\u00edquids. Jo he fet una combinaci\u00f3 de la mel i els xarops posant-me m\u00e9s d'atzavara, l'aigua, la vainilla i l'oli. Ho lliguem una mica. Barregem els secs amb els humits i ho posem en una safata folrada de paper. Al forn a 160\u00baC uns 30-35 minuts, fins que estigui dauradet... Ho deixem refredar i despr\u00e9s ho esmicolem.","_ca_post_name":"granola-casolana","_ca_post_excerpt":"","_ca_post_title":"granola casolana","_es_post_content":"Una de las grandes dudas cuando reservamos las vacaciones es si cogemos el hotel con el desayuno inclu\u00eddo o no... El angelito bueno nos dice que nos ponemos como cerdos y que no hace falta, que nos conocemos, que no tenemos fondo en los buf\u00e9s libres... El angelito malo nos dice que trabajamos todo el a\u00f1o, que nos lo merecemos, que si comemos mucho nos ahorramos la comida... Pasad del angelito bueno!!! Si hay algo que me hace feliz son los desayunos tipo bacanal y a pesar que como de todo nunca falta un bol de granola... Oh! Adoro la granola!!! Y ahora tengo una receta que me vuelve loca y que no tengo que ir escupiendo las pasas...\r\n\r\n<a href=\"https:\/\/lacastacuina.cat\/wp-content\/uploads\/2016\/06\/granola-casolana-1.jpg\"><img class=\"responsive alignnone wp-image-1263 size-large\" src=\"https:\/\/lacastacuina.cat\/wp-content\/uploads\/2016\/06\/granola-casolana-1-1024x684.jpg\" alt=\"\" width=\"625\" height=\"417\" \/><\/a>\r\n\r\nINGREDIENTES\r\n<ul>\r\n\t<li>200 gr de avena entera, grande<\/li>\r\n\t<li>100 gr de almendras crudas con piel<\/li>\r\n\t<li>40 gr de c\u00f3ctel de frutos secos crudos<\/li>\r\n\t<li>20 gr de coco<\/li>\r\n\t<li>60 ml de miel, sirope de arce o sirope de \u00e1gave<\/li>\r\n\t<li>45 ml de aceite de girasol<\/li>\r\n\t<li>2 tbsp de az\u00facar moreno<\/li>\r\n\t<li>30 ml de agua<\/li>\r\n\t<li>1\/4 tsp de canela<\/li>\r\n\t<li>1\/2 de vainilla en pasta<\/li>\r\n<\/ul>\r\nEn un bol ponemos los ingredientes secos, la avena, el coco, el az\u00facar moreno, la canela y los frutos secos en trozos no muy peque\u00f1os. En otro bol pondremos los l\u00edquidos. Yo hice una combinaci\u00f3n de la miel y los siropes poniendo m\u00e1s de \u00e1gave, el agua, la vainilla y el aceite. Lo ligamos un poco. Mezclamos los ingredientes secos con los h\u00famedos y lo ponemos en una bandeja forrada con papel. Lo ponemos al horno a 160\u00baC unos 30-35 minutos hasta que est\u00e9 doradito... Lo dejamos enfriar y luego lo desmenuzamos.\r\n\r\n&nbsp;","_es_post_name":"granola-casera","_es_post_excerpt":"","_es_post_title":"granola casera","edit_language":"ca","footnotes":""},"categories":[1],"tags":[],"_links":{"self":[{"href":"https:\/\/lacastacuina.cat\/ca\/wp-json\/wp\/v2\/posts\/1257"}],"collection":[{"href":"https:\/\/lacastacuina.cat\/ca\/wp-json\/wp\/v2\/posts"}],"about":[{"href":"https:\/\/lacastacuina.cat\/ca\/wp-json\/wp\/v2\/types\/post"}],"author":[{"embeddable":true,"href":"https:\/\/lacastacuina.cat\/ca\/wp-json\/wp\/v2\/users\/1"}],"replies":[{"embeddable":true,"href":"https:\/\/lacastacuina.cat\/ca\/wp-json\/wp\/v2\/comments?post=1257"}],"version-history":[{"count":7,"href":"https:\/\/lacastacuina.cat\/ca\/wp-json\/wp\/v2\/posts\/1257\/revisions"}],"predecessor-version":[{"id":1269,"href":"https:\/\/lacastacuina.cat\/ca\/wp-json\/wp\/v2\/posts\/1257\/revisions\/1269"}],"wp:featuredmedia":[{"embeddable":true,"href":"https:\/\/lacastacuina.cat\/ca\/wp-json\/wp\/v2\/media\/1263"}],"wp:attachment":[{"href":"https:\/\/lacastacuina.cat\/ca\/wp-json\/wp\/v2\/media?parent=1257"}],"wp:term":[{"taxonomy":"category","embeddable":true,"href":"https:\/\/lacastacuina.cat\/ca\/wp-json\/wp\/v2\/categories?post=1257"},{"taxonomy":"post_tag","embeddable":true,"href":"https:\/\/lacastacuina.cat\/ca\/wp-json\/wp\/v2\/tags?post=1257"}],"curies":[{"name":"wp","href":"https:\/\/api.w.org\/{rel}","templated":true}]}}